{"id":1146,"date":"2021-02-19T15:00:47","date_gmt":"2021-02-19T14:00:47","guid":{"rendered":"https:\/\/www.romanel-libre.ch\/?p=1146"},"modified":"2021-02-24T09:44:45","modified_gmt":"2021-02-24T08:44:45","slug":"bonnes-nouvelles","status":"publish","type":"post","link":"https:\/\/www.romanel-libre.ch\/?p=1146","title":{"rendered":"Bonnes nouvelles !"},"content":{"rendered":"<p><img loading=\"lazy\" decoding=\"async\" data-attachment-id=\"1147\" data-permalink=\"https:\/\/www.romanel-libre.ch\/?attachment_id=1147#main\" data-orig-file=\"https:\/\/www.romanel-libre.ch\/wp-content\/uploads\/2021\/02\/Rep_interp.png\" data-orig-size=\"625,452\" data-comments-opened=\"1\" data-image-meta=\"{&quot;aperture&quot;:&quot;0&quot;,&quot;credit&quot;:&quot;&quot;,&quot;camera&quot;:&quot;&quot;,&quot;caption&quot;:&quot;&quot;,&quot;created_timestamp&quot;:&quot;0&quot;,&quot;copyright&quot;:&quot;&quot;,&quot;focal_length&quot;:&quot;0&quot;,&quot;iso&quot;:&quot;0&quot;,&quot;shutter_speed&quot;:&quot;0&quot;,&quot;title&quot;:&quot;&quot;,&quot;orientation&quot;:&quot;0&quot;}\" data-image-title=\"Zone 12 Mobilis et d\u00e9chets\" data-image-description=\"&lt;p&gt;Zone 12 Mobilis et d\u00e9chets&lt;\/p&gt;\n\" data-image-caption=\"\" data-medium-file=\"https:\/\/www.romanel-libre.ch\/wp-content\/uploads\/2021\/02\/Rep_interp-300x217.png\" data-large-file=\"https:\/\/www.romanel-libre.ch\/wp-content\/uploads\/2021\/02\/Rep_interp.png\" class=\"alignleft wp-image-1147 size-medium\" src=\"https:\/\/www.romanel-libre.ch\/wp-content\/uploads\/2021\/02\/Rep_interp-300x217.png\" alt=\"Zone 12 Mobilis et d\u00e9chets\" width=\"300\" height=\"217\" srcset=\"https:\/\/www.romanel-libre.ch\/wp-content\/uploads\/2021\/02\/Rep_interp-300x217.png 300w, https:\/\/www.romanel-libre.ch\/wp-content\/uploads\/2021\/02\/Rep_interp-207x150.png 207w, https:\/\/www.romanel-libre.ch\/wp-content\/uploads\/2021\/02\/Rep_interp.png 625w\" sizes=\"auto, (max-width: 300px) 100vw, 300px\" \/><\/p>\n<div class=\"kvgmc6g5 cxmmr5t8 oygrvhab hcukyx3x c1et5uql ii04i59q\">\n<div dir=\"auto\">Bonnes nouvelles !<\/div>\n<div dir=\"auto\"><\/div>\n<\/div>\n<div class=\"o9v6fnle cxmmr5t8 oygrvhab hcukyx3x c1et5uql ii04i59q\">\n<div dir=\"auto\">Lors de la s\u00e9ance du Conseil communal du 18 f\u00e9vrier, la Municipalit\u00e9 a r\u00e9pondu aux deux interpellations que les conseillers Romanel Libre avaient d\u00e9pos\u00e9 le 10 d\u00e9cembre 2020 au sujet de l&rsquo;extension de la zone 12 Mobilis et de la gestion des d\u00e9chets.<\/div>\n<div dir=\"auto\">On peut d\u00e9j\u00e0 dire que ces actions n&rsquo;auront pas \u00e9t\u00e9 inutiles puisque d&rsquo;une part la Municipalit\u00e9 a envoy\u00e9 un courrier \u00e0 la Communaut\u00e9 tarifaire vaudoise pour obtenir une s\u00e9ance r\u00e9unissant la Municipalit\u00e9 et les interpellants. Nous sommes tous en attente de la r\u00e9ponse \u00e0 cette demande.<\/div>\n<div dir=\"auto\">D&rsquo;autre part, suite \u00e0 notre interpellation sur la gestion des d\u00e9chets, la Municipalit\u00e9 a remis en service l&rsquo;eco-point des Esserpys et nous assure que l&rsquo;\u00e9tude du plan de gestion des d\u00e9chets est de nouveau \u00e0 l&rsquo;\u00e9tude suite \u00e0 un jugement du tribunal.<\/div>\n<div dir=\"auto\">Nous remercions la Municipalit\u00e9 d&rsquo;avoir donn\u00e9 une suite favorable \u00e0 nos demandes <span style=\"color: #222222; font-size: 0.9rem;\">\u2e2e<\/span><\/div>\n<div dir=\"auto\">Nous continuerons de travailler assid\u00fbment si nous obtenons les si\u00e8ges n\u00e9cessaires au Conseil communal lors des \u00e9lections du 7 mars.<\/div>\n<\/div>\n","protected":false},"excerpt":{"rendered":"<p>Bonnes nouvelles ! Lors de la s\u00e9ance du Conseil communal du 18 f\u00e9vrier, la Municipalit\u00e9 a r\u00e9pondu aux deux interpellations que les conseillers Romanel Libre avaient d\u00e9pos\u00e9 le 10 d\u00e9cembre 2020 au sujet de l&rsquo;extension de la zone 12 Mobilis et de la gestion des d\u00e9chets. On peut d\u00e9j\u00e0 dire que ces actions n&rsquo;auront pas [&hellip;]<\/p>\n","protected":false},"author":5,"featured_media":0,"comment_status":"open","ping_status":"open","sticky":false,"template":"","format":"standard","meta":{"jetpack_post_was_ever_published":false,"_jetpack_newsletter_access":"","_jetpack_dont_email_post_to_subs":false,"_jetpack_newsletter_tier_id":0,"_jetpack_memberships_contains_paywalled_content":false,"_jetpack_memberships_contains_paid_content":false,"footnotes":""},"categories":[1],"tags":[],"class_list":["post-1146","post","type-post","status-publish","format-standard","hentry","category-uncategorized"],"jetpack_featured_media_url":"","jetpack_sharing_enabled":true,"jetpack_shortlink":"https:\/\/wp.me\/p8S038-iu","jetpack-related-posts":[],"_links":{"self":[{"href":"https:\/\/www.romanel-libre.ch\/index.php?rest_route=\/wp\/v2\/posts\/1146","targetHints":{"allow":["GET"]}}],"collection":[{"href":"https:\/\/www.romanel-libre.ch\/index.php?rest_route=\/wp\/v2\/posts"}],"about":[{"href":"https:\/\/www.romanel-libre.ch\/index.php?rest_route=\/wp\/v2\/types\/post"}],"author":[{"embeddable":true,"href":"https:\/\/www.romanel-libre.ch\/index.php?rest_route=\/wp\/v2\/users\/5"}],"replies":[{"embeddable":true,"href":"https:\/\/www.romanel-libre.ch\/index.php?rest_route=%2Fwp%2Fv2%2Fcomments&post=1146"}],"version-history":[{"count":0,"href":"https:\/\/www.romanel-libre.ch\/index.php?rest_route=\/wp\/v2\/posts\/1146\/revisions"}],"wp:attachment":[{"href":"https:\/\/www.romanel-libre.ch\/index.php?rest_route=%2Fwp%2Fv2%2Fmedia&parent=1146"}],"wp:term":[{"taxonomy":"category","embeddable":true,"href":"https:\/\/www.romanel-libre.ch\/index.php?rest_route=%2Fwp%2Fv2%2Fcategories&post=1146"},{"taxonomy":"post_tag","embeddable":true,"href":"https:\/\/www.romanel-libre.ch\/index.php?rest_route=%2Fwp%2Fv2%2Ftags&post=1146"}],"curies":[{"name":"wp","href":"https:\/\/api.w.org\/{rel}","templated":true}]}}