{"id":1173,"date":"2021-03-08T12:00:30","date_gmt":"2021-03-08T11:00:30","guid":{"rendered":"https:\/\/www.romanel-libre.ch\/?p=1173"},"modified":"2021-03-17T12:52:56","modified_gmt":"2021-03-17T11:52:56","slug":"merci","status":"publish","type":"post","link":"https:\/\/www.romanel-libre.ch\/?p=1173","title":{"rendered":"MERCI !"},"content":{"rendered":"<h4 style=\"text-align: center;\">Nous l&rsquo;avons fait ! Gr\u00e2ce \u00e0 vos votes, Romanel Libre aura la responsabilit\u00e9, l&rsquo;honneur et le plaisir de continuer \u00e0 d\u00e9fendre ses th\u00e8mes prioritaires (et bien d&rsquo;autres encore) au Conseil communal. Pour le bien de notre commune. Merci \u00e0 vous tous !<\/h4>\n<p>&nbsp;<\/p>\n<p><img loading=\"lazy\" decoding=\"async\" data-attachment-id=\"1174\" data-permalink=\"https:\/\/www.romanel-libre.ch\/?attachment_id=1174#main\" data-orig-file=\"https:\/\/www.romanel-libre.ch\/wp-content\/uploads\/2021\/03\/MERCI.png\" data-orig-size=\"834,524\" data-comments-opened=\"1\" data-image-meta=\"{&quot;aperture&quot;:&quot;0&quot;,&quot;credit&quot;:&quot;&quot;,&quot;camera&quot;:&quot;&quot;,&quot;caption&quot;:&quot;&quot;,&quot;created_timestamp&quot;:&quot;0&quot;,&quot;copyright&quot;:&quot;&quot;,&quot;focal_length&quot;:&quot;0&quot;,&quot;iso&quot;:&quot;0&quot;,&quot;shutter_speed&quot;:&quot;0&quot;,&quot;title&quot;:&quot;&quot;,&quot;orientation&quot;:&quot;0&quot;}\" data-image-title=\"MERCI\" data-image-description=\"&lt;p&gt;MERCI&lt;\/p&gt;\n\" data-image-caption=\"\" data-medium-file=\"https:\/\/www.romanel-libre.ch\/wp-content\/uploads\/2021\/03\/MERCI-300x188.png\" data-large-file=\"https:\/\/www.romanel-libre.ch\/wp-content\/uploads\/2021\/03\/MERCI.png\" class=\"size-full wp-image-1174 aligncenter\" src=\"https:\/\/www.romanel-libre.ch\/wp-content\/uploads\/2021\/03\/MERCI.png\" alt=\"MERCI\" width=\"834\" height=\"524\" srcset=\"https:\/\/www.romanel-libre.ch\/wp-content\/uploads\/2021\/03\/MERCI.png 834w, https:\/\/www.romanel-libre.ch\/wp-content\/uploads\/2021\/03\/MERCI-300x188.png 300w, https:\/\/www.romanel-libre.ch\/wp-content\/uploads\/2021\/03\/MERCI-768x483.png 768w, https:\/\/www.romanel-libre.ch\/wp-content\/uploads\/2021\/03\/MERCI-695x437.png 695w, https:\/\/www.romanel-libre.ch\/wp-content\/uploads\/2021\/03\/MERCI-239x150.png 239w\" sizes=\"auto, (max-width: 834px) 100vw, 834px\" \/><\/p>\n","protected":false},"excerpt":{"rendered":"<p>Nous l&rsquo;avons fait ! Gr\u00e2ce \u00e0 vos votes, Romanel Libre aura la responsabilit\u00e9, l&rsquo;honneur et le plaisir de continuer \u00e0 d\u00e9fendre ses th\u00e8mes prioritaires (et bien d&rsquo;autres encore) au Conseil communal. Pour le bien de notre commune. Merci \u00e0 vous tous ! &nbsp;<\/p>\n","protected":false},"author":5,"featured_media":0,"comment_status":"open","ping_status":"open","sticky":false,"template":"","format":"standard","meta":{"jetpack_post_was_ever_published":false,"_jetpack_newsletter_access":"","_jetpack_dont_email_post_to_subs":false,"_jetpack_newsletter_tier_id":0,"_jetpack_memberships_contains_paywalled_content":false,"_jetpack_memberships_contains_paid_content":false,"footnotes":""},"categories":[1],"tags":[],"class_list":["post-1173","post","type-post","status-publish","format-standard","hentry","category-uncategorized"],"jetpack_featured_media_url":"","jetpack_sharing_enabled":true,"jetpack_shortlink":"https:\/\/wp.me\/s8S038-merci","jetpack-related-posts":[],"_links":{"self":[{"href":"https:\/\/www.romanel-libre.ch\/index.php?rest_route=\/wp\/v2\/posts\/1173","targetHints":{"allow":["GET"]}}],"collection":[{"href":"https:\/\/www.romanel-libre.ch\/index.php?rest_route=\/wp\/v2\/posts"}],"about":[{"href":"https:\/\/www.romanel-libre.ch\/index.php?rest_route=\/wp\/v2\/types\/post"}],"author":[{"embeddable":true,"href":"https:\/\/www.romanel-libre.ch\/index.php?rest_route=\/wp\/v2\/users\/5"}],"replies":[{"embeddable":true,"href":"https:\/\/www.romanel-libre.ch\/index.php?rest_route=%2Fwp%2Fv2%2Fcomments&post=1173"}],"version-history":[{"count":0,"href":"https:\/\/www.romanel-libre.ch\/index.php?rest_route=\/wp\/v2\/posts\/1173\/revisions"}],"wp:attachment":[{"href":"https:\/\/www.romanel-libre.ch\/index.php?rest_route=%2Fwp%2Fv2%2Fmedia&parent=1173"}],"wp:term":[{"taxonomy":"category","embeddable":true,"href":"https:\/\/www.romanel-libre.ch\/index.php?rest_route=%2Fwp%2Fv2%2Fcategories&post=1173"},{"taxonomy":"post_tag","embeddable":true,"href":"https:\/\/www.romanel-libre.ch\/index.php?rest_route=%2Fwp%2Fv2%2Ftags&post=1173"}],"curies":[{"name":"wp","href":"https:\/\/api.w.org\/{rel}","templated":true}]}}