{"id":709,"date":"2020-08-24T13:16:08","date_gmt":"2020-08-24T11:16:08","guid":{"rendered":"https:\/\/www.romanel-libre.ch\/?p=709"},"modified":"2020-09-16T11:07:05","modified_gmt":"2020-09-16T09:07:05","slug":"29-octobre-2020-20h-a-la-villageoise","status":"publish","type":"post","link":"https:\/\/www.romanel-libre.ch\/?p=709","title":{"rendered":"29 octobre 2020, 20h \u00e0 la Villageoise"},"content":{"rendered":"<p style=\"text-align: center;\"><a href=\"https:\/\/www.romanel-libre.ch\/wp-content\/uploads\/2020\/03\/Assemblee_Generale.jpg\"><img loading=\"lazy\" decoding=\"async\" data-attachment-id=\"610\" data-permalink=\"https:\/\/www.romanel-libre.ch\/?attachment_id=610#main\" data-orig-file=\"https:\/\/www.romanel-libre.ch\/wp-content\/uploads\/2020\/03\/Assemblee_Generale.jpg\" data-orig-size=\"448,297\" data-comments-opened=\"1\" data-image-meta=\"{&quot;aperture&quot;:&quot;0&quot;,&quot;credit&quot;:&quot;&quot;,&quot;camera&quot;:&quot;&quot;,&quot;caption&quot;:&quot;&quot;,&quot;created_timestamp&quot;:&quot;0&quot;,&quot;copyright&quot;:&quot;&quot;,&quot;focal_length&quot;:&quot;0&quot;,&quot;iso&quot;:&quot;0&quot;,&quot;shutter_speed&quot;:&quot;0&quot;,&quot;title&quot;:&quot;&quot;,&quot;orientation&quot;:&quot;0&quot;}\" data-image-title=\"Assemblee_Generale\" data-image-description=\"&lt;p&gt;Assembl\u00e9e g\u00e9n\u00e9rale&lt;\/p&gt;\n\" data-image-caption=\"&lt;p&gt;Assembl\u00e9e g\u00e9n\u00e9rale&lt;\/p&gt;\n\" data-medium-file=\"https:\/\/www.romanel-libre.ch\/wp-content\/uploads\/2020\/03\/Assemblee_Generale-300x199.jpg\" data-large-file=\"https:\/\/www.romanel-libre.ch\/wp-content\/uploads\/2020\/03\/Assemblee_Generale.jpg\" class=\"alignnone size-full wp-image-610\" src=\"https:\/\/www.romanel-libre.ch\/wp-content\/uploads\/2020\/03\/Assemblee_Generale.jpg\" alt=\"\" width=\"448\" height=\"297\" srcset=\"https:\/\/www.romanel-libre.ch\/wp-content\/uploads\/2020\/03\/Assemblee_Generale.jpg 448w, https:\/\/www.romanel-libre.ch\/wp-content\/uploads\/2020\/03\/Assemblee_Generale-300x199.jpg 300w, https:\/\/www.romanel-libre.ch\/wp-content\/uploads\/2020\/03\/Assemblee_Generale-226x150.jpg 226w\" sizes=\"auto, (max-width: 448px) 100vw, 448px\" \/><\/a><\/p>\n","protected":false},"excerpt":{"rendered":"","protected":false},"author":5,"featured_media":0,"comment_status":"open","ping_status":"open","sticky":false,"template":"","format":"standard","meta":{"jetpack_post_was_ever_published":false,"_jetpack_newsletter_access":"","_jetpack_dont_email_post_to_subs":false,"_jetpack_newsletter_tier_id":0,"_jetpack_memberships_contains_paywalled_content":false,"_jetpack_memberships_contains_paid_content":false,"footnotes":""},"categories":[1],"tags":[],"class_list":["post-709","post","type-post","status-publish","format-standard","hentry","category-uncategorized"],"jetpack_featured_media_url":"","jetpack_sharing_enabled":true,"jetpack_shortlink":"https:\/\/wp.me\/p8S038-br","jetpack-related-posts":[],"_links":{"self":[{"href":"https:\/\/www.romanel-libre.ch\/index.php?rest_route=\/wp\/v2\/posts\/709","targetHints":{"allow":["GET"]}}],"collection":[{"href":"https:\/\/www.romanel-libre.ch\/index.php?rest_route=\/wp\/v2\/posts"}],"about":[{"href":"https:\/\/www.romanel-libre.ch\/index.php?rest_route=\/wp\/v2\/types\/post"}],"author":[{"embeddable":true,"href":"https:\/\/www.romanel-libre.ch\/index.php?rest_route=\/wp\/v2\/users\/5"}],"replies":[{"embeddable":true,"href":"https:\/\/www.romanel-libre.ch\/index.php?rest_route=%2Fwp%2Fv2%2Fcomments&post=709"}],"version-history":[{"count":0,"href":"https:\/\/www.romanel-libre.ch\/index.php?rest_route=\/wp\/v2\/posts\/709\/revisions"}],"wp:attachment":[{"href":"https:\/\/www.romanel-libre.ch\/index.php?rest_route=%2Fwp%2Fv2%2Fmedia&parent=709"}],"wp:term":[{"taxonomy":"category","embeddable":true,"href":"https:\/\/www.romanel-libre.ch\/index.php?rest_route=%2Fwp%2Fv2%2Fcategories&post=709"},{"taxonomy":"post_tag","embeddable":true,"href":"https:\/\/www.romanel-libre.ch\/index.php?rest_route=%2Fwp%2Fv2%2Ftags&post=709"}],"curies":[{"name":"wp","href":"https:\/\/api.w.org\/{rel}","templated":true}]}}