{"id":788,"date":"2020-10-09T16:14:11","date_gmt":"2020-10-09T14:14:11","guid":{"rendered":"https:\/\/www.romanel-libre.ch\/?p=788"},"modified":"2020-10-23T08:53:31","modified_gmt":"2020-10-23T06:53:31","slug":"5g-suite-mais-pas-fin","status":"publish","type":"post","link":"https:\/\/www.romanel-libre.ch\/?p=788","title":{"rendered":"5G suite mais pas fin"},"content":{"rendered":"<p>Lors de la s\u00e9ance du Conseil communal du 8 octobre 2020, les conseillers communaux de Romanel Libre ont fait usage de leur droit d&rsquo;initiative en d\u00e9posant un \u00ab\u00a0projet r\u00e9dig\u00e9\u00a0\u00bb dont voici la teneur :<\/p>\n<p>&nbsp;<\/p>\n<h4 style=\"text-align: center;\">PROPOSITION visant \u00e0 interdire l\u2019am\u00e9nagement d\u2019antennes-relais dans les zones d\u2019habitation<br \/>\npar une modification du REGLEMENT SUR LE PLAN D\u2019EXTENSION ET LA POLICE DES CONSTRUCTIONS<\/h4>\n<p>&nbsp;<\/p>\n<p><strong>1. Appliquer le principe de pr\u00e9caution pour le d\u00e9ploiement d\u2019antennes 5G sur le territoire de la commune<\/strong><\/p>\n<p>La population de notre village est inqui\u00e8te et l\u2019a fait savoir, en mars-avril 2019, par le d\u00e9p\u00f4t de plus de 200 oppositions \u00e0 la mise \u00e0 l\u2019enqu\u00eate relative \u00e0 l\u2019installation d\u2019une telle antenne au Chemin du Village \u00e0 proximit\u00e9 imm\u00e9diate du Temple. Les gabarits ayant \u00e9t\u00e9 retir\u00e9s derni\u00e8rement, il y a certainement lieu de consid\u00e9rer que Swisscom a renonc\u00e9 \u00e0 installer une antenne \u00e0 cet endroit-l\u00e0.<\/p>\n<p>Toutefois, la Suisse s&rsquo;active sur le terrain de la 5G. Avec un parc qui est sur le point d&rsquo;atteindre les 3 000 antennes en ao\u00fbt 2020 (contre seulement 300 l&rsquo;ann\u00e9e derni\u00e8re \u00e0 la m\u00eame \u00e9poque). Le Conseil d\u2019Etat vaudois accepte depuis d\u00e9cembre 2019 les modifications d\u2019antennes dites mineures n\u2019impliquant pas d\u2019augmentation de leur puissance, il n\u2019autorise en revanche pas la construction de nouvelles antennes 5G sur le territoire vaudois. Cette mesure reste en vigueur tant que la Conf\u00e9d\u00e9ration ne met pas \u00e0 la disposition des cantons certains outils permettant, notamment, de v\u00e9rifier que ces installations respectent les valeurs limites en mati\u00e8re de rayonnement.<\/p>\n<p>Les op\u00e9rateurs t\u00e9l\u00e9phoniques n\u2019ont tr\u00e8s certainement pas renonc\u00e9 \u00e0 installer rapidement des antennes 5G sur le territoire de notre commune. Il y a lieu d\u00e8s lors d\u2019appliquer le principe de pr\u00e9caution qui a pour but de mettre en place des mesures pour pr\u00e9venir des risques, lorsque la science et les connaissances techniques ne sont pas \u00e0 m\u00eame de fournir des certitudes, principalement dans le domaine de l\u2019environnement et de la sant\u00e9.<br \/>\nIl y a lieu de veiller tout d\u2019abord \u00e0 ce que ces installations n\u2019enlaidissent pas le village. Par ailleurs, les effets biologiques des ondes \u00e9lectromagn\u00e9tiques engendr\u00e9es notamment par les m\u00e2ts de t\u00e9l\u00e9phonie mobile ou antennes de communication sont aujourd&rsquo;hui scientifiquement av\u00e9r\u00e9s et prouv\u00e9s par des \u00e9tudes authentiquement ind\u00e9pendantes. Notre sant\u00e9 peut \u00eatre mise en danger. Et tout particuli\u00e8rement celle des enfants.<br \/>\nPour respecter le principe de pr\u00e9caution, l\u2019installation de nouvelles antennes-relais de t\u00e9l\u00e9phonie mobile sur le territoire de notre commune doit imp\u00e9rativement avoir lieu hors des zones d\u2019habitation.<\/p>\n<p><strong>2. Modification du R\u00e8glement sur le plan d\u2019extension et la police des constructions<\/strong><\/p>\n<p>Conform\u00e9ment \u00e0 l\u2019art. 63, lettre c) du R\u00e8glement du Conseil communal, les soussign\u00e9s proposent une modification du R\u00e8glement communal sur le plan d\u2019extension et la police des constructions par l\u2019adjonction d\u2019un dernier alin\u00e9a \u00e0 son art. 57. Pour cet alin\u00e9a nouveau, la teneur suivante est propos\u00e9e\u00a0:<br \/>\n\u00ab\u00a0Toute installation de stations et antennes de communication mobile est interdite dans les zones affect\u00e9es \u00e0 l\u2019habitation (zone villa, zone village, plans partiels d\u2019affectation).\u00a0Depuis la limite de ces zones, une distance de 300 m\u00e8tres au minimum doit \u00eatre respect\u00e9e. \u00bb<br \/>\nNous demandons au Conseil communal de prendre en consid\u00e9ration imm\u00e9diatement cette proposition et de la renvoyer \u00e0 la Municipalit\u00e9. Il faut rappeler que cette derni\u00e8re \u00e0 la possibilit\u00e9 de pr\u00e9senter un contre-projet, pour tenir compte de la complexit\u00e9 juridique de la proposition.<\/p>\n<p>Ainsi fait \u00e0 Romanel-sur-Lausanne, le 8 octobre 2020<\/p>\n<p>&nbsp;<\/p>\n<p>&nbsp;<\/p>\n<p>&nbsp;<\/p>\n<p style=\"text-align: center;\">Alain Bally\u00a0 \u00a0 \u00a0 Laurent Corth\u00e9sy\u00a0 \u00a0 \u00a0 \u00a0Guillaume Deriaz\u00a0 \u00a0 \u00a0 \u00a0Piero-Antonio Ferazza\u00a0 \u00a0 \u00a0 \u00a0 Pierre-Olivier Hornung<\/p>\n","protected":false},"excerpt":{"rendered":"<p>Lors de la s\u00e9ance du Conseil communal du 8 octobre 2020, les conseillers communaux de Romanel Libre ont fait usage de leur droit d&rsquo;initiative en d\u00e9posant un \u00ab\u00a0projet r\u00e9dig\u00e9\u00a0\u00bb dont voici la teneur : &nbsp; PROPOSITION visant \u00e0 interdire l\u2019am\u00e9nagement d\u2019antennes-relais dans les zones d\u2019habitation par une modification du REGLEMENT SUR LE PLAN D\u2019EXTENSION ET [&hellip;]<\/p>\n","protected":false},"author":5,"featured_media":0,"comment_status":"open","ping_status":"open","sticky":false,"template":"","format":"standard","meta":{"jetpack_post_was_ever_published":false,"_jetpack_newsletter_access":"","_jetpack_dont_email_post_to_subs":false,"_jetpack_newsletter_tier_id":0,"_jetpack_memberships_contains_paywalled_content":false,"_jetpack_memberships_contains_paid_content":false,"footnotes":""},"categories":[1],"tags":[],"class_list":["post-788","post","type-post","status-publish","format-standard","hentry","category-uncategorized"],"jetpack_featured_media_url":"","jetpack_sharing_enabled":true,"jetpack_shortlink":"https:\/\/wp.me\/p8S038-cI","jetpack-related-posts":[],"_links":{"self":[{"href":"https:\/\/www.romanel-libre.ch\/index.php?rest_route=\/wp\/v2\/posts\/788","targetHints":{"allow":["GET"]}}],"collection":[{"href":"https:\/\/www.romanel-libre.ch\/index.php?rest_route=\/wp\/v2\/posts"}],"about":[{"href":"https:\/\/www.romanel-libre.ch\/index.php?rest_route=\/wp\/v2\/types\/post"}],"author":[{"embeddable":true,"href":"https:\/\/www.romanel-libre.ch\/index.php?rest_route=\/wp\/v2\/users\/5"}],"replies":[{"embeddable":true,"href":"https:\/\/www.romanel-libre.ch\/index.php?rest_route=%2Fwp%2Fv2%2Fcomments&post=788"}],"version-history":[{"count":0,"href":"https:\/\/www.romanel-libre.ch\/index.php?rest_route=\/wp\/v2\/posts\/788\/revisions"}],"wp:attachment":[{"href":"https:\/\/www.romanel-libre.ch\/index.php?rest_route=%2Fwp%2Fv2%2Fmedia&parent=788"}],"wp:term":[{"taxonomy":"category","embeddable":true,"href":"https:\/\/www.romanel-libre.ch\/index.php?rest_route=%2Fwp%2Fv2%2Fcategories&post=788"},{"taxonomy":"post_tag","embeddable":true,"href":"https:\/\/www.romanel-libre.ch\/index.php?rest_route=%2Fwp%2Fv2%2Ftags&post=788"}],"curies":[{"name":"wp","href":"https:\/\/api.w.org\/{rel}","templated":true}]}}